{"id":97733,"date":"2026-09-04T12:41:00","date_gmt":"2026-09-04T10:41:00","guid":{"rendered":"https:\/\/schaltzeit.com\/?p=97733"},"modified":"2026-09-04T12:50:04","modified_gmt":"2026-09-04T10:50:04","slug":"wenn-eine-farbe-zum-code-wird-warum-dieses-blau-nicht-mehr-tragbar-ist","status":"publish","type":"post","link":"https:\/\/schaltzeit.com\/en\/wenn-eine-farbe-zum-code-wird-warum-dieses-blau-nicht-mehr-tragbar-ist\/","title":{"rendered":"Wenn eine Farbe zum Code wird: Warum dieses Blau nicht mehr tragbar ist"},"content":{"rendered":"<div data-elementor-type=\"wp-post\" data-elementor-id=\"97733\" class=\"elementor elementor-97733\" data-elementor-settings=\"{&quot;element_pack_global_tooltip_width&quot;:{&quot;unit&quot;:&quot;px&quot;,&quot;size&quot;:&quot;&quot;,&quot;sizes&quot;:[]},&quot;element_pack_global_tooltip_width_widescreen&quot;:{&quot;unit&quot;:&quot;px&quot;,&quot;size&quot;:&quot;&quot;,&quot;sizes&quot;:[]},&quot;element_pack_global_tooltip_width_laptop&quot;:{&quot;unit&quot;:&quot;px&quot;,&quot;size&quot;:&quot;&quot;,&quot;sizes&quot;:[]},&quot;element_pack_global_tooltip_width_tablet_extra&quot;:{&quot;unit&quot;:&quot;px&quot;,&quot;size&quot;:&quot;&quot;,&quot;sizes&quot;:[]},&quot;element_pack_global_tooltip_width_tablet&quot;:{&quot;unit&quot;:&quot;px&quot;,&quot;size&quot;:&quot;&quot;,&quot;sizes&quot;:[]},&quot;element_pack_global_tooltip_width_mobile_extra&quot;:{&quot;unit&quot;:&quot;px&quot;,&quot;size&quot;:&quot;&quot;,&quot;sizes&quot;:[]},&quot;element_pack_global_tooltip_width_mobile&quot;:{&quot;unit&quot;:&quot;px&quot;,&quot;size&quot;:&quot;&quot;,&quot;sizes&quot;:[]},&quot;element_pack_global_tooltip_padding&quot;:{&quot;unit&quot;:&quot;px&quot;,&quot;top&quot;:&quot;&quot;,&quot;right&quot;:&quot;&quot;,&quot;bottom&quot;:&quot;&quot;,&quot;left&quot;:&quot;&quot;,&quot;isLinked&quot;:true},&quot;element_pack_global_tooltip_padding_widescreen&quot;:{&quot;unit&quot;:&quot;px&quot;,&quot;top&quot;:&quot;&quot;,&quot;right&quot;:&quot;&quot;,&quot;bottom&quot;:&quot;&quot;,&quot;left&quot;:&quot;&quot;,&quot;isLinked&quot;:true},&quot;element_pack_global_tooltip_padding_laptop&quot;:{&quot;unit&quot;:&quot;px&quot;,&quot;top&quot;:&quot;&quot;,&quot;right&quot;:&quot;&quot;,&quot;bottom&quot;:&quot;&quot;,&quot;left&quot;:&quot;&quot;,&quot;isLinked&quot;:true},&quot;element_pack_global_tooltip_padding_tablet_extra&quot;:{&quot;unit&quot;:&quot;px&quot;,&quot;top&quot;:&quot;&quot;,&quot;right&quot;:&quot;&quot;,&quot;bottom&quot;:&quot;&quot;,&quot;left&quot;:&quot;&quot;,&quot;isLinked&quot;:true},&quot;element_pack_global_tooltip_padding_tablet&quot;:{&quot;unit&quot;:&quot;px&quot;,&quot;top&quot;:&quot;&quot;,&quot;right&quot;:&quot;&quot;,&quot;bottom&quot;:&quot;&quot;,&quot;left&quot;:&quot;&quot;,&quot;isLinked&quot;:true},&quot;element_pack_global_tooltip_padding_mobile_extra&quot;:{&quot;unit&quot;:&quot;px&quot;,&quot;top&quot;:&quot;&quot;,&quot;right&quot;:&quot;&quot;,&quot;bottom&quot;:&quot;&quot;,&quot;left&quot;:&quot;&quot;,&quot;isLinked&quot;:true},&quot;element_pack_global_tooltip_padding_mobile&quot;:{&quot;unit&quot;:&quot;px&quot;,&quot;top&quot;:&quot;&quot;,&quot;right&quot;:&quot;&quot;,&quot;bottom&quot;:&quot;&quot;,&quot;left&quot;:&quot;&quot;,&quot;isLinked&quot;:true},&quot;element_pack_global_tooltip_border_radius&quot;:{&quot;unit&quot;:&quot;px&quot;,&quot;top&quot;:&quot;&quot;,&quot;right&quot;:&quot;&quot;,&quot;bottom&quot;:&quot;&quot;,&quot;left&quot;:&quot;&quot;,&quot;isLinked&quot;:true},&quot;element_pack_global_tooltip_border_radius_widescreen&quot;:{&quot;unit&quot;:&quot;px&quot;,&quot;top&quot;:&quot;&quot;,&quot;right&quot;:&quot;&quot;,&quot;bottom&quot;:&quot;&quot;,&quot;left&quot;:&quot;&quot;,&quot;isLinked&quot;:true},&quot;element_pack_global_tooltip_border_radius_laptop&quot;:{&quot;unit&quot;:&quot;px&quot;,&quot;top&quot;:&quot;&quot;,&quot;right&quot;:&quot;&quot;,&quot;bottom&quot;:&quot;&quot;,&quot;left&quot;:&quot;&quot;,&quot;isLinked&quot;:true},&quot;element_pack_global_tooltip_border_radius_tablet_extra&quot;:{&quot;unit&quot;:&quot;px&quot;,&quot;top&quot;:&quot;&quot;,&quot;right&quot;:&quot;&quot;,&quot;bottom&quot;:&quot;&quot;,&quot;left&quot;:&quot;&quot;,&quot;isLinked&quot;:true},&quot;element_pack_global_tooltip_border_radius_tablet&quot;:{&quot;unit&quot;:&quot;px&quot;,&quot;top&quot;:&quot;&quot;,&quot;right&quot;:&quot;&quot;,&quot;bottom&quot;:&quot;&quot;,&quot;left&quot;:&quot;&quot;,&quot;isLinked&quot;:true},&quot;element_pack_global_tooltip_border_radius_mobile_extra&quot;:{&quot;unit&quot;:&quot;px&quot;,&quot;top&quot;:&quot;&quot;,&quot;right&quot;:&quot;&quot;,&quot;bottom&quot;:&quot;&quot;,&quot;left&quot;:&quot;&quot;,&quot;isLinked&quot;:true},&quot;element_pack_global_tooltip_border_radius_mobile&quot;:{&quot;unit&quot;:&quot;px&quot;,&quot;top&quot;:&quot;&quot;,&quot;right&quot;:&quot;&quot;,&quot;bottom&quot;:&quot;&quot;,&quot;left&quot;:&quot;&quot;,&quot;isLinked&quot;:true}}\" data-elementor-post-type=\"post\">\n\t\t\t\t<div class=\"elementor-element elementor-element-526747bd e-flex e-con-boxed e-con e-parent\" data-id=\"526747bd\" data-element_type=\"container\" data-e-type=\"container\" data-settings=\"{&quot;jet_parallax_layout_list&quot;:[]}\">\n\t\t\t\t\t<div class=\"e-con-inner\">\n\t\t\t\t<div class=\"elementor-element elementor-element-52fc608a elementor-widget elementor-widget-text-editor\" data-id=\"52fc608a\" data-element_type=\"widget\" data-e-type=\"widget\" data-widget_type=\"text-editor.default\">\n\t\t\t\t\t\t\t\t\tWir geben unsere Hausfarbe auf. Nicht, weil sie uns nicht mehr gef\u00e4llt, sondern weil sie inzwischen f\u00fcr etwas steht, wof\u00fcr wir nicht stehen. Ein Text \u00fcber Abschied, Haltung und das Deutschland, in dem wir leben wollen.\t\t\t\t\t\t\t\t<\/div>\n\t\t\t\t<div class=\"elementor-element elementor-element-1ea0a23 elementor-widget elementor-widget-text-editor\" data-id=\"1ea0a23\" data-element_type=\"widget\" data-e-type=\"widget\" data-widget_type=\"text-editor.default\">\n\t\t\t\t\t\t\t\t\t<h3>Liebeskummer in Blau<\/h3><p>Berlin, Sp\u00e4tsommer. Ich sitze vor unserem Logo und merke: Ich h\u00e4nge dran. Dieses Blau war unsere Farbe: vertrauensw\u00fcrdig, knallig, auf jedem Pitch und jedem Messestand dabei. Wie ein Lieblingspulli. Dann bekam die Beziehung Risse. Schleichend. Ich dachte, das wird schon wieder. Wurde es nicht. Wer Kund*innen st\u00e4ndig Zukunftsmut predigt, darf sich selbst nicht davor dr\u00fccken. Auch wenn es nur eine Farbe ist.<\/p><p>Farben sind nie nur Farben. Unser Schaltzeit-Blau war von Beginn an Pantone Process Blue, HEX #009EE0 im Netz. Doch dieses Blau ist in Deutschland l\u00e4ngst anders besetzt. Besetzt von einer Partei, die blaue Herzen verteilt, mit \u201eRemigration&#8220; Stimmen sammelt und deren Zukunftsbild eine Heimat ist, in der sich viele fremd f\u00fchlen sollen. Das Hellblau der Corporate-Design-Handb\u00fccher der AfD ist #00A2DF, mal 0099ff, die Website zeigt #009EE0 \u2013 hier dominiert scheinbar die \u00fcbliche Uneinigkeit. Trotzdem immer ein \u00e4hnlicher Ton. Nicht immer derselbe, oft als Verlauf: Aber zu nah, um als Laie einen Unterschied zu erkennen.<\/p><h3>Blau ist kein Farbton mehr. Blau ist ein Code.<\/h3><p>Damit wollen wir nicht verwechselt werden. Wir sind ein Unternehmen, das sich als Teil dieser Demokratie versteht. Offen f\u00fcr alle. Unser Leitbild ist da unmissverst\u00e4ndlich: Das Grundgesetz ist unser Fundament, gegen jede Demokratiefeindlichkeit beziehen wir Stellung.<\/p><p>Also streifen wir dieses Blau ab. Nicht mehr. Nicht weniger.<\/p><h3>Den Frust verstehen. Die Rezepte nicht.<\/h3><p>Wir verstehen den Frust. Wenn bei aktuellen Landtagswahlen fast jede dritte Stimme an eine Partei geht, die sich als Alternative zu allem Etablierten versteht, hat diese Gesellschaft etwas verloren. Wer das ignoriert, produziert den n\u00e4chsten Frust gleich mit. Aber die Antwort sind keine einfachen Rezepte, wie diese Alternative sie proklamiert. Einfache L\u00f6sungen sind verlockend \u2013 und fast immer falsch. Rasenm\u00e4hermethoden \u2013 pauschal k\u00fcrzen, pauschal abschieben, pauschal verd\u00e4chtigen \u2013 treffen zuerst die, die am wenigsten Widerstand leisten k\u00f6nnen. Nach unten treten ist keine Politik. Es ist Feigheit.<\/p><p>In unserem Leitbild steht ein Satz, den ich mag: Wir sind keine Brandstifter. Wir sind M\u00f6glichmacher. Deshalb: keine N\u00e4he zu Parteien, die soziale H\u00e4rte, Ausgrenzung oder \u201eDeutsche zuerst&#8220; im Programm tragen. Die Welt ist vielf\u00e4ltig, Berlin sowieso. Menschen in gut und schlecht sortieren? Familienbilder vorschreiben? Bitte nicht.<\/p><h3>Wof\u00fcr wir einstehen<\/h3><p><strong>F\u00fcr einen starken \u00f6ffentlich-rechtlichen Rundfunk.<\/strong> Nicht, weil er perfekt w\u00e4re, das ist er nicht, sondern weil eine Demokratie Orte braucht, an denen Fakten weder dem Algorithmus noch dem Meistbietenden geh\u00f6ren. Wer den Rundfunk abschaffen will, will nicht sparen. Er will die B\u00fchne f\u00fcr sich allein.<\/p><p><strong>F\u00fcr Partizipation.<\/strong> Das ist unser Handwerk: Fragen stellen, bevor wir Antworten verkaufen. Zuh\u00f6ren, bevor wir urteilen. Und zwar allen \u2013 nicht nur den Lautesten. Es ist okay zu sagen: Wir haben die Antworten noch nicht. Nicht okay ist, sie durch Ausgrenzung zu ersetzen. Verantwortung statt Zukunftstheater.<\/p><p><strong>F\u00fcr ein Miteinander, in dem St\u00fctze keine Schw\u00e4che ist, sondern St\u00e4rke.<\/strong> Kooperation vor Konkurrenz. Bei uns hei\u00dft das: Wer neu anf\u00e4ngt, muss sich Vertrauen nicht erst verdienen. Ein Land k\u00f6nnte davon mehr vertragen \u2013 gerade eines, in dem eine Farbe zum Lagerzeichen wird.<\/p><h3>Eine Farbe tragen wir gern<\/h3><p>Und weil wir bei Farben sind, eine tragen wir gern: Regenbogenbunt. Berlin ist Multikulti und tolerant, nicht als Slogan, sondern als Alltag zwischen Kiez, Kotti und Kanzleramt. Bei uns arbeiten Menschen mit unterschiedlichen Herk\u00fcnften, verschiedenen Sprachen, selbst gew\u00e4hlten Lebensentw\u00fcrfen. Das ist keine Diversity-Kachel. Das ist Dienstag.<\/p><p>Dabei gilt: Ich erwarte von niemandem einen Seelenstriptease. Wer du bist, geht uns nur so weit etwas an, wie du es teilen willst. Was uns etwas angeht: dass du hier sicher bist. Und dass du ankommst. Integration ist bei uns kein Problem. Sie ist Alltag. Und sie funktioniert \u2013 nicht reibungslos, aber immer dann, wenn wir Menschen als Menschen begegnen.<\/p><h3>Welches Deutschland wir meinen<\/h3><p>Vieles in unserem Land l\u00e4uft nicht perfekt. Dabei besch\u00e4ftigt uns schon alleine von Berufswegen her die Frage, was an unserer Gegenwart Kritik verdient und wie es zuk\u00fcnftig besser laufen k\u00f6nnte. Wer dabei nur eine Zukunft kennt, hat keine Wahl. Wir meinen deshalb ein demokratisches Land, das Zukunft im Plural denkt \u2013 als M\u00f6glichkeitsraum, nicht als Drohkulisse. Mit Demokratie meinen wir gemeinsame gesellschaftliche Zukunftsgestaltung, in der \u00fcber verschiedene Zukunftsbilder und denkbare Wege dorthin diskutiert wird. Wir meinen einen Staat, der sich auf Szenarien vorbereitet, bevor es n\u00f6tig ist oder gar zu sp\u00e4t ist. Ein Deutschland das Entwicklungen gestaltet, statt zu reagieren. Und das Zukunftsdenken nicht nur erlaubt, sondern vorlebt.<\/p><p>Die blauen Herzen erz\u00e4hlen von einer Zukunft, die eine verkl\u00e4rte Vergangenheit ist. Ulrich Siegmund, AfD-Spitzenkandidat in Sachsen-Anhalt, will f\u00fcr die Zukunft wieder <strong><a href=\"https:\/\/youtu.be\/lqdrgTN0HWI?si=ktYYOUhrQkEKy6w3\" rel=\"nofollow noopener\" target=\"_blank\">\u201eein altes sicheres Deutschland zur\u00fcck, so wie es in den 90er Jahren war&#8220;<\/a><\/strong>. War denn fr\u00fcher wirklich alles besser \u2013 oder wenigstens sicherer? Wir glauben nicht. (<strong><a href=\"#Zahlen-und-Fakten\">siehe Zahlen und Fakten unten<\/a><\/strong>)<\/p><p>Wir w\u00fcnschen uns keine Zukunft, die auf einem gesch\u00f6nten 90er-Jahre-Bild aufbaut, sondern eine Zukunftsgestaltung, die den Mut hat, sich einer komplexen Welt zu stellen und auf struktureller Ebene an einer Gesellschaft zu arbeiten, die die Menschenw\u00fcrde eines jeden Menschen achtet, die Freiheit und Frieden zusammen denkt und nicht mit Hass und Hetze gegen bestimmte gesellschaftliche Gruppen arbeitet. Und solche Zuk\u00fcnfte h\u00f6ren nicht an unserer Landesgrenze auf. Wir leben l\u00e4ngst in einem dichten Geflecht globaler Abh\u00e4ngigkeiten \u2013 Lieferketten, Klima, Krisen. Spaceship Earth, hat Buckminster Fuller das schon lange vor den 90ern genannt: wir sind auf unserem Planeten eine Besatzung, keine Passagiere. Wir w\u00fcnschen uns Menschenw\u00fcrde f\u00fcr alle Menschen, nicht nur f\u00fcr den Teil der Crew mit dem passenden Pass. Wie wir \u00fcber so etwas streiten wollen, haben wir beim <a href=\"https:\/\/schaltzeit.com\/en\/debating-spaceship-gespaltene-debattenkultur\/\"><strong>Debating Spaceship<\/strong><\/a> aufgeschrieben \u2013 und auf der <strong><a href=\"https:\/\/schaltzeit.com\/en\/republica26-teamausflug\/\">re:publica 26<\/a> <\/strong>ausprobiert.<\/p><h3>Kostet uns das Auftr\u00e4ge?<\/h3><p>Die Frage kam intern auf. Meine Antwort: Ich glaube nicht. Und selbst wenn \u2013 wir arbeiten ohnehin nicht f\u00fcr jeden. Ja, Konjunkturkrise. Ja, wir sp\u00fcren sie. Wer eine Position bezieht, muss auch mit den Konsequenzen leben, nicht nur mit dem Applaus.<\/p><p>Wichtiger ist, dass wir ins Gespr\u00e4ch kommen. Ich w\u00fcnsche mir von allen Schalter*innen, dass wir uns einmischen \u2013 nicht nur im Leitbild, sondern im Kalender. Wer sich engagieren will, bekommt bei uns Bildungsurlaub oder frei. Ob im Verein, in der Nachbarschaft oder in der Kommunalpolitik: Keiner schafft das allein. Wir auch nicht. Gemeinsam vielleicht.<\/p><h3>Und jetzt?<\/h3><p>Wir wechseln die Farbe. Auf #090C9B \u2013 Navy Electric \u2013 ein tiefes Nachtblau, fast Ultramarin. Ehrlich gesagt hat es mein Herz noch nicht erw\u00e4rmt. Ja, das ist immer noch blau. Wir lassen uns die Farbe nicht komplett wegnehmen, nur den Ton. Das helle Blau, unser bew\u00e4hrtes Cyan, k\u00f6nnen sie haben.<\/p><p>Eine neue Farbe gleicht einer Neujustierung. Und genau die steckt in unserem Namen: Schaltzeit \u2013 die Zeit dazwischen, in der sich etwas neu einstellt. Wir stecken gerade selbst in einer. Zur\u00fcck wollen wir nicht.<\/p><p>Ein kleines Zeichen, ich wei\u00df \u2013 ein Farbwert rettet keine Demokratie. Aber Haltung f\u00e4ngt bei dem an, was man selbst in der Hand hat. Auch im noch so Kleinen. Meckern hilft nicht, machen schon.<\/p><p>Hellblau geh\u00f6rt jetzt anderen. Uns geh\u00f6rt die Frage, wie wir miteinander leben wollen. Dar\u00fcber reden wir gern \u2013 mit euch, mit unseren Kund*innen, und auch mit denen, die blaue Herzen gew\u00e4hlt haben. Nur nicht mit denen, die kein Interesse an einem respektvollen Austausch mit Anstand haben.<\/p><p>Was denkt ihr? <strong><a href=\"mailto:andre.winzer@schaltzeit.com\">Schreibt mir!<\/a><\/strong><\/p><p>Yours, Andr\u00e9<\/p>\t\t\t\t\t\t\t\t<\/div>\n\t\t\t\t<div class=\"elementor-element elementor-element-4fe8a8e elementor-widget elementor-widget-spacer\" data-id=\"4fe8a8e\" data-element_type=\"widget\" data-e-type=\"widget\" id=\"Zahlen-und-Fakten\" data-widget_type=\"spacer.default\">\n\t\t\t\t\t\t\t<div class=\"elementor-spacer\">\n\t\t\t<div class=\"elementor-spacer-inner\"><\/div>\n\t\t<\/div>\n\t\t\t\t\t\t<\/div>\n\t\t<div class=\"elementor-element elementor-element-b7cea5f e-con-full e-flex e-con e-child\" data-id=\"b7cea5f\" data-element_type=\"container\" data-e-type=\"container\" data-settings=\"{&quot;jet_parallax_layout_list&quot;:[]}\">\n\t\t\t\t<div class=\"elementor-element elementor-element-9c29ac7 elementor-widget__width-initial elementor-widget elementor-widget-heading\" data-id=\"9c29ac7\" data-element_type=\"widget\" data-e-type=\"widget\" data-widget_type=\"heading.default\">\n\t\t\t\t\t<h6 class=\"elementor-heading-title elementor-size-default\">ZAHLEN &amp; FAKTEN <\/h6>\t\t\t\t<\/div>\n\t\t\t\t<div class=\"elementor-element elementor-element-1e35215 elementor-widget elementor-widget-heading\" data-id=\"1e35215\" data-element_type=\"widget\" data-e-type=\"widget\" data-widget_type=\"heading.default\">\n\t\t\t\t\t<h3 class=\"elementor-heading-title elementor-size-default\">Nachgeschaut: Wie sicher waren die 90er \u2013 und f\u00fcr wen?<\/h3>\t\t\t\t<\/div>\n\t\t\t\t<div class=\"elementor-element elementor-element-89c9f34 elementor-widget elementor-widget-spacer\" data-id=\"89c9f34\" data-element_type=\"widget\" data-e-type=\"widget\" data-widget_type=\"spacer.default\">\n\t\t\t\t\t\t\t<div class=\"elementor-spacer\">\n\t\t\t<div class=\"elementor-spacer-inner\"><\/div>\n\t\t<\/div>\n\t\t\t\t\t\t<\/div>\n\t\t\t\t<div class=\"elementor-element elementor-element-789f2c6 elementor-widget elementor-widget-text-editor\" data-id=\"789f2c6\" data-element_type=\"widget\" data-e-type=\"widget\" data-widget_type=\"text-editor.default\">\n\t\t\t\t\t\t\t\t\t<p>Da uns Zukunftsbilder \u2013 wie erw\u00e4hnt \u2013 von Berufswegen interessieren, haben wir mal genauer hingeschaut, was hervorgehoben und was ausgeblendet wird, wenn Politiker die 90er Jahre als Inspiration f\u00fcr Zukunftsgestaltung nennen. Was ist dran an dem \u201ealten sicheren Deutschland&#8220;?<\/p><p><strong><a href=\"https:\/\/www.bka.de\/SharedDocs\/Downloads\/DE\/Publikationen\/PolizeilicheKriminalstatistik\/pksJahrbuecherBis2011\/pks1993.html\" rel=\"nofollow noopener\" target=\"_blank\">1993 registrierte die Polizei gut 6,75 Millionen Straftaten<\/a><\/strong> \u2013 bei rund 81 Millionen Einwohner*innen der h\u00f6chste Wert, den die Kriminalstatistik je gemessen hat. <strong><a href=\"https:\/\/www.bka.de\/DE\/AktuelleInformationen\/StatistikenLagebilder\/PolizeilicheKriminalstatistik\/PKS2024\/Polizeiliche_Kriminalstatistik_2024\/Polizeiliche_Kriminalstatistik_2024.html\" rel=\"nofollow noopener\" target=\"_blank\">2024 waren es 5,83 Millionen, bei inzwischen rund 83,5 Millionen Menschen<\/a>.<\/strong> Weniger Straftaten, mehr Einwohnerinnen: Statistisch gesehen ist Deutschland heute also sicherer als in den 90ern. Auch im Bereich Mord und Totschlag gab es 1993 in der PKS 4.230 erfasste F\u00e4lle, 2024 waren es 2.303 erfasste F\u00e4lle (siehe gleiche Quellen der PKS). Zugenommen hat in den Statistiken seitdem die gef\u00e4hrliche K\u00f6rperverletzung, wobei ein Teil des Anstiegs auch auf h\u00f6here Anzeigebereitschaft zur\u00fcckgeht. Genau dort argumentieren die blauen Herzen gern mit Messerangriffen. Messerangriffe z\u00e4hlt die Statistik jedoch erst seit 2020 gesondert; vorher gingen sie unsichtbar in den jeweiligen Delikten auf \u2013 meist gef\u00e4hrliche K\u00f6rperverletzung, aber auch <strong><a href=\"https:\/\/www.handelsblatt.com\/dpa\/aschaffenburg-auslaender-und-deutsche-wer-steckt-hinter-messerattacken\/30183644.html\" rel=\"nofollow noopener\" target=\"_blank\">Raub<\/a><\/strong> or <strong><a href=\"https:\/\/www.bundestag.de\/presse\/hib\/kurzmeldungen-1005162\" rel=\"nofollow noopener\" target=\"_blank\">Totschlag<\/a><\/strong>. Siegmund hat in dem oben genannten Interview recht, wenn er sagt: Die Statistik erfasst nur, was angezeigt wird. Das gilt aber damals wie heute. Ein Argument f\u00fcr die 90er ist es nicht.<\/p><p>Und jenseits der Zahlen? Hoyerswerda 1991, Rostock-Lichtenhagen 1992, Solingen 1993. Vergewaltigung in der Ehe: bis 1997 keine Vergewaltigung, nur \u201eN\u00f6tigung&#8220;, teils \u201eK\u00f6rperverletzung&#8220;. Partnerschaftsgewalt wertet das BKA erst seit 2015 systematisch aus. Ehe f\u00fcr alle: diese Freiheit gab es in unserer Gesellschaft in den 90ern nicht, sondern erst seit 2017. Stattdessen stand im Westen noch Paragraf 175 bis 1994 im Gesetzbuch. Frei und sicher waren die 90er vor allem f\u00fcr die, die schon dazugeh\u00f6rten und bestimmten Rollenbildern entsprachen. Siegmund ist Jahrgang 1990. Wenn er von seinem Blick auf die 90er spricht, ist das eine Erz\u00e4hlung, die auf nostalgische Bilder setzt \u2013 nicht auf die (politischen) Rahmenbedingungen, die damals galten oder statistisch erfasste Werte zu Sicherheit.<\/p><p>Doch Angst und Narrative, die Angst machen, sind schneller als jede Statistik. Der <strong><a href=\"https:\/\/mediendienst-integration.de\/fileadmin\/Dateien\/Hestermann_2025__Wie_Medien_u__ber_Messerangri_ffe_berichten.pdf\" rel=\"nofollow noopener\" target=\"_blank\">Medienforscher Thomas Hestermann<\/a><\/strong> hat f\u00fcr 2023 gez\u00e4hlt: Nie zuvor gab es so viele Berichte \u00fcber Gewaltdelikte in deutschen Leitmedien. Laut Polizeistatistik waren in dem Jahr 33,3 Prozent der Tatverd\u00e4chtigen bei Gewaltdelikten Nichtdeutsche \u2013 in den Medien, wo die Herkunft genannt wurde, waren es 2,5-mal so viele. Deutsche Tatverd\u00e4chtige, in der Statistik zwei Drittel, kamen in der Berichterstattung nur auf 16 bis 18 Prozent. So entsteht eine gef\u00fchlte Realit\u00e4t, die einen die 90er zur\u00fcckw\u00fcnschen l\u00e4sst: eine Gegenwart, die gef\u00e4hrlicher wirkt, als sie ist, und eine Vergangenheit, die sicherer wirkt, als sie war.<\/p><p>Doch haben wir inzwischen ziemlich gute Rezepte, wo wir in der Zukunftsgestaltung pr\u00e4ventiv gegen Gewalt ansetzen k\u00f6nnen, wenn wir nach einer freien und sicheren Zukunft streben. Gewalt hat selten eine einzige Ursache, sondern viele: Sucht, Armut, Wohnungslosigkeit, soziale Isolation, Gewalterfahrungen in der Kindheit, Flucht und Migration, junges Alter, m\u00e4nnliches Geschlecht \u2013 so fasst es die Deutsche Gesellschaft f\u00fcr Psychiatrie (<strong><a href=\"https:\/\/www.dgppn.de\/aktuelles\/stellungnahmen-und-positionen\/praevention-von-gewalttaten.html\" rel=\"nofollow noopener\" target=\"_blank\">DGPPN<\/a><\/strong>) in ihrem Positionspapier zur Gewaltpr\u00e4vention zusammen. Hinter dem letzten Punkt stecken aus unserer Sicht auch veraltete m\u00e4nnlichen Rollenbilder \u2013 die nicht zwangsl\u00e4ufig an eine Religion oder Herkunft gebunden sind.<\/p><p>Die Liste ist unbequem, weil sie keine einfache Antwort zul\u00e4sst. Wer fehlende Perspektiven, Isolation, Armut und unbehandelte Krisen als Ursachen ernst nimmt, landet nicht bei \u201eRemigration&#8220; oder \u201eGrenzen dicht machen&#8220;, sondern bei Arbeitsmarkt, Sozialpolitik und Gesundheitsversorgung. Asylsuchende haben in den ersten 36 Monaten nur Anspruch auf eingeschr\u00e4nkte medizinische Versorgung \u2013 Psychotherapie f\u00e4llt meist nicht darunter. Diese Komplexit\u00e4t klingt nach \u00dcberforderung. Sie kann aber auch eine Chance sein: viele Faktoren, viele Stellschrauben.<\/p><p>Pr\u00e4vention ist unspektakul\u00e4r, langsam, strukturell. Sie liefert kaum emotionalen Schlagzeilen. Trotzdem \u2013 f\u00fcr so eine Zukunftsgestaltung wollen wir uns stark machen.<\/p><p><strong>Denn das ist der Unterschied zwischen den beiden Zukunftsbildern: Das eine lackiert die Vergangenheit neu, damit sie als w\u00fcnschenswerte Zukunft durchgeht. Das andere kratzt den Lack ab und schaut, was darunter ist. Wir haben uns klar f\u00fcr letzteres entschieden.<\/strong><\/p>\t\t\t\t\t\t\t\t<\/div>\n\t\t\t\t<\/div>\n\t\t\t\t\t<\/div>\n\t\t\t\t<\/div>\n\t\t\t\t<\/div>","protected":false},"excerpt":{"rendered":"<p>Wir geben unsere Hausfarbe auf. Nicht, weil sie uns nicht mehr gef\u00e4llt, sondern weil sie inzwischen f\u00fcr etwas steht, wof\u00fcr wir nicht stehen. Ein Text \u00fcber Abschied, Haltung und das Deutschland, in dem wir leben wollen.<\/p>","protected":false},"author":17,"featured_media":97734,"comment_status":"closed","ping_status":"closed","sticky":false,"template":"","format":"standard","meta":{"_acf_changed":false,"site-sidebar-layout":"default","site-content-layout":"","ast-site-content-layout":"default","site-content-style":"default","site-sidebar-style":"default","ast-global-header-display":"","ast-banner-title-visibility":"","ast-main-header-display":"","ast-hfb-above-header-display":"","ast-hfb-below-header-display":"","ast-hfb-mobile-header-display":"","site-post-title":"","ast-breadcrumbs-content":"","ast-featured-img":"","footer-sml-layout":"","ast-disable-related-posts":"","theme-transparent-header-meta":"","adv-header-id-meta":"","stick-header-meta":"","header-above-stick-meta":"","header-main-stick-meta":"","header-below-stick-meta":"","astra-migrate-meta-layouts":"set","ast-page-background-enabled":"default","ast-page-background-meta":{"desktop":{"background-color":"","background-image":"","background-repeat":"repeat","background-position":"center center","background-size":"auto","background-attachment":"scroll","background-type":"","background-media":"","overlay-type":"","overlay-color":"","overlay-opacity":"","overlay-gradient":""},"tablet":{"background-color":"","background-image":"","background-repeat":"repeat","background-position":"center center","background-size":"auto","background-attachment":"scroll","background-type":"","background-media":"","overlay-type":"","overlay-color":"","overlay-opacity":"","overlay-gradient":""},"mobile":{"background-color":"","background-image":"","background-repeat":"repeat","background-position":"center center","background-size":"auto","background-attachment":"scroll","background-type":"","background-media":"","overlay-type":"","overlay-color":"","overlay-opacity":"","overlay-gradient":""}},"ast-content-background-meta":{"desktop":{"background-color":"var(--ast-global-color-5)","background-image":"","background-repeat":"repeat","background-position":"center center","background-size":"auto","background-attachment":"scroll","background-type":"","background-media":"","overlay-type":"","overlay-color":"","overlay-opacity":"","overlay-gradient":""},"tablet":{"background-color":"var(--ast-global-color-5)","background-image":"","background-repeat":"repeat","background-position":"center center","background-size":"auto","background-attachment":"scroll","background-type":"","background-media":"","overlay-type":"","overlay-color":"","overlay-opacity":"","overlay-gradient":""},"mobile":{"background-color":"var(--ast-global-color-5)","background-image":"","background-repeat":"repeat","background-position":"center center","background-size":"auto","background-attachment":"scroll","background-type":"","background-media":"","overlay-type":"","overlay-color":"","overlay-opacity":"","overlay-gradient":""}},"footnotes":""},"categories":[220],"tags":[613,601,481,576,597,606,592,603,608,611,622,593,264,623,615,607,604,595,599,612,614,620,594,619,624,600,616,609,598,288,625,596,602,617,621,265,605,610,618,441,279],"ppma_author":[307],"class_list":["post-97733","post","type-post","status-publish","format-standard","has-post-thumbnail","hentry","category-gesellschaft","tag-90er-jahre","tag-afd","tag-andre-winzer","tag-berlin","tag-blau","tag-corporate-activism","tag-corporate-design","tag-demokratie","tag-demokratiefeindlichkeit","tag-diversity","tag-ehe-fuer-alle","tag-farbwechsel","tag-foresight","tag-frauenrechte","tag-gewaltpraevention","tag-grundgesetz","tag-haltung-zeigen","tag-hausfarbe","tag-hex-009ee0","tag-integration","tag-kriminalstatistik","tag-landtagswahlen","tag-markenfarbe","tag-markenidentitaet","tag-migration","tag-navy-electric","tag-nostalgie","tag-oeffentlich-rechtlicher-rundfunk","tag-pantone-process-blue","tag-partizipation","tag-rassismus","tag-rebranding","tag-rechtsextremismus","tag-rechtspopulismus","tag-remigration","tag-schaltzeit","tag-unternehmenshaltung","tag-vielfalt","tag-wertekommunikation","tag-zukunftsbilder","tag-zukunftsforschung"],"acf":[],"authors":[{"term_id":307,"user_id":17,"is_guest":0,"slug":"andrewinzersz","display_name":"Andr\u00e9 Winzer","avatar_url":"http:\/\/schaltzeit.com\/wp-content\/uploads\/2024\/03\/cropped-Andre-w_1920px-96x96.jpg","author_category":"","first_name":"Andr\u00e9","user_url":"","job_title":"","description":"Formeller Kopf, aber im Allgemeinen lieber kopflos, st\u00fcrzt er sich in neue Herausforderungen. Der Schalter steht bei ihm auf Haupt, der Aktionsradius gern auf Simultan. Er analysiert &amp; interpretiert leidenschaftlich Gesch\u00e4ftsmodelle. In Workshops als auch Vortr\u00e4gen geht es dabei rund um das Thema \u201ePreparing for Tomorrow\u201c. Dabei zeigt er gern, dass Gesch\u00e4ftsmodelle auch leicht auf andere Branchen \u00fcbertragbar sind."}],"_links":{"self":[{"href":"https:\/\/schaltzeit.com\/en\/wp-json\/wp\/v2\/posts\/97733","targetHints":{"allow":["GET"]}}],"collection":[{"href":"https:\/\/schaltzeit.com\/en\/wp-json\/wp\/v2\/posts"}],"about":[{"href":"https:\/\/schaltzeit.com\/en\/wp-json\/wp\/v2\/types\/post"}],"author":[{"embeddable":true,"href":"https:\/\/schaltzeit.com\/en\/wp-json\/wp\/v2\/users\/17"}],"replies":[{"embeddable":true,"href":"https:\/\/schaltzeit.com\/en\/wp-json\/wp\/v2\/comments?post=97733"}],"version-history":[{"count":36,"href":"https:\/\/schaltzeit.com\/en\/wp-json\/wp\/v2\/posts\/97733\/revisions"}],"predecessor-version":[{"id":97772,"href":"https:\/\/schaltzeit.com\/en\/wp-json\/wp\/v2\/posts\/97733\/revisions\/97772"}],"wp:featuredmedia":[{"embeddable":true,"href":"https:\/\/schaltzeit.com\/en\/wp-json\/wp\/v2\/media\/97734"}],"wp:attachment":[{"href":"https:\/\/schaltzeit.com\/en\/wp-json\/wp\/v2\/media?parent=97733"}],"wp:term":[{"taxonomy":"category","embeddable":true,"href":"https:\/\/schaltzeit.com\/en\/wp-json\/wp\/v2\/categories?post=97733"},{"taxonomy":"post_tag","embeddable":true,"href":"https:\/\/schaltzeit.com\/en\/wp-json\/wp\/v2\/tags?post=97733"},{"taxonomy":"author","embeddable":true,"href":"https:\/\/schaltzeit.com\/en\/wp-json\/wp\/v2\/ppma_author?post=97733"}],"curies":[{"name":"wp","href":"https:\/\/api.w.org\/{rel}","templated":true}]}}